{"id":6821,"date":"2024-06-24T09:23:25","date_gmt":"2024-06-24T12:23:25","guid":{"rendered":"https:\/\/santacasamuzambinho.org.br\/?p=6821"},"modified":"2024-06-24T09:23:25","modified_gmt":"2024-06-24T12:23:25","slug":"mais-81-cirurgias-de-cataratas-realizadas-na-santa-casa-de-muzambinho-gracas-a-parcerias","status":"publish","type":"post","link":"https:\/\/santacasamuzambinho.org.br\/index.php\/2024\/06\/24\/mais-81-cirurgias-de-cataratas-realizadas-na-santa-casa-de-muzambinho-gracas-a-parcerias\/","title":{"rendered":"Mais 81 Cirurgias de Cataratas realizadas na Santa Casa de Muzambinho gra\u00e7as a Parcerias"},"content":{"rendered":"\n<p><a href=\"https:\/\/muzambinho.com.br\/author\/gersondias\/\"><\/a><strong>Parab\u00e9ns a todos os envolvidos por essa nobre causa, que reflete o melhor da solidariedade e da coopera\u00e7\u00e3o em prol do bem comum.<\/strong><\/p>\n\n\n\n<p>Neste final de semana, nos dias 02 e 03 de mar\u00e7o de 2024, a comunidade de Muzambinho testemunhou mais um evento marcante em prol da sa\u00fade ocular. Gra\u00e7as a uma colabora\u00e7\u00e3o exemplar entre a Santa Casa de Muzambinho, o Deputado Emidinho Madeira e a Prefeitura Municipal, foram realizadas cirurgias de cataratas que beneficiaram dezenas de pacientes da regi\u00e3o.<\/p>\n\n\n\n<p>As cirurgias, que aconteceram no s\u00e1bado, foram seguidas de avalia\u00e7\u00f5es p\u00f3s-operat\u00f3rias no domingo, conduzidas pelo Dr. Robson Assun\u00e7\u00e3o, um profissional de renome que se uniu ao desafio de melhorar a qualidade de vida dos cidad\u00e3os de Muzambinho e cidades vizinhas.<\/p>\n\n\n\n<figure class=\"wp-block-image size-full\"><img fetchpriority=\"high\" decoding=\"async\" width=\"1035\" height=\"694\" src=\"https:\/\/santacasamuzambinho.org.br\/wp-content\/uploads\/2024\/06\/w1035h694-1.avif\" alt=\"\" class=\"wp-image-6823\"\/><\/figure>\n\n\n\n<p>Gra\u00e7as aos recursos financeiros provenientes de uma emenda parlamentar do Deputado Emidinho Madeira, a Prefeitura e Santa Casa puderam viabilizar os procedimentos cir\u00fargicos, contratando os profissionais necess\u00e1rios e garantindo a realiza\u00e7\u00e3o das cirurgias de forma eficiente e segura.<\/p>\n\n\n\n<p>Ao todo, foram atendidos 40 pacientes muzambinhenses e outros 40 de munic\u00edpios vizinhos que estavam aguardando na fila do Sistema \u00danico de Sa\u00fade (SUS) para realizar as cirurgias de cataratas. Esses procedimentos representam uma promessa de significativa melhoria na qualidade de vida desses pacientes, devolvendo-lhes a vis\u00e3o e a autonomia para suas atividades di\u00e1rias.<\/p>\n\n\n\n<p>Abaixo confira entrevista com o M\u00e9dico Dr. Robson e o Prefeito Paulinho Magalh\u00e3es que deram seu depoimento sobre esta a\u00e7\u00e3o<\/p>\n\n\n\n<figure class=\"wp-block-embed is-type-video is-provider-youtube wp-block-embed-youtube wp-embed-aspect-16-9 wp-has-aspect-ratio\"><div class=\"wp-block-embed__wrapper\">\n<iframe title=\"Mais 81 Cirurgias de Cataratas realizadas na Santa Casa de Muzambinho gra\u00e7as a Parcerias\" width=\"1200\" height=\"675\" src=\"https:\/\/www.youtube.com\/embed\/pzlcZhV2KcE?feature=oembed\" frameborder=\"0\" allow=\"accelerometer; autoplay; clipboard-write; encrypted-media; gyroscope; picture-in-picture; web-share\" referrerpolicy=\"strict-origin-when-cross-origin\" allowfullscreen><\/iframe>\n<\/div><\/figure>\n\n\n\n<p>O processo de realiza\u00e7\u00e3o das cirurgias \u00e9 um exemplo de coopera\u00e7\u00e3o e efic\u00e1cia entre institui\u00e7\u00f5es p\u00fablicas e privadas. O Deputado Emidinho Madeira encaminha o recurso por meio de emenda parlamentar, a Santa Casa administra os recursos e contrata os profissionais necess\u00e1rios, enquanto a Prefeitura Municipal, atrav\u00e9s da Secretaria de Sa\u00fade, organiza a lista de pacientes e os encaminha para os procedimentos.<\/p>\n\n\n\n<p>Esta iniciativa \u00e9 celebrada como um exemplo de como a colabora\u00e7\u00e3o entre diversas entidades pode fazer a diferen\u00e7a na vida das pessoas. Proporcionando atendimentos que aliviam dores e devolvem a esperan\u00e7a, essa parceria demonstra o compromisso com o bem-estar e a sa\u00fade da comunidade de Muzambinho.<\/p>\n","protected":false},"excerpt":{"rendered":"<p>Parab\u00e9ns a todos os envolvidos por essa nobre causa, que reflete o melhor da solidariedade e da coopera\u00e7\u00e3o em prol do bem comum.<\/p>\n","protected":false},"author":1,"featured_media":6824,"comment_status":"open","ping_status":"open","sticky":false,"template":"","format":"standard","meta":{"footnotes":""},"categories":[38],"tags":[39,40],"class_list":["post-6821","post","type-post","status-publish","format-standard","has-post-thumbnail","hentry","category-geral","tag-cirurgias","tag-mutirao","category-38","description-off"],"_links":{"self":[{"href":"https:\/\/santacasamuzambinho.org.br\/index.php\/wp-json\/wp\/v2\/posts\/6821","targetHints":{"allow":["GET"]}}],"collection":[{"href":"https:\/\/santacasamuzambinho.org.br\/index.php\/wp-json\/wp\/v2\/posts"}],"about":[{"href":"https:\/\/santacasamuzambinho.org.br\/index.php\/wp-json\/wp\/v2\/types\/post"}],"author":[{"embeddable":true,"href":"https:\/\/santacasamuzambinho.org.br\/index.php\/wp-json\/wp\/v2\/users\/1"}],"replies":[{"embeddable":true,"href":"https:\/\/santacasamuzambinho.org.br\/index.php\/wp-json\/wp\/v2\/comments?post=6821"}],"version-history":[{"count":1,"href":"https:\/\/santacasamuzambinho.org.br\/index.php\/wp-json\/wp\/v2\/posts\/6821\/revisions"}],"predecessor-version":[{"id":6825,"href":"https:\/\/santacasamuzambinho.org.br\/index.php\/wp-json\/wp\/v2\/posts\/6821\/revisions\/6825"}],"wp:featuredmedia":[{"embeddable":true,"href":"https:\/\/santacasamuzambinho.org.br\/index.php\/wp-json\/wp\/v2\/media\/6824"}],"wp:attachment":[{"href":"https:\/\/santacasamuzambinho.org.br\/index.php\/wp-json\/wp\/v2\/media?parent=6821"}],"wp:term":[{"taxonomy":"category","embeddable":true,"href":"https:\/\/santacasamuzambinho.org.br\/index.php\/wp-json\/wp\/v2\/categories?post=6821"},{"taxonomy":"post_tag","embeddable":true,"href":"https:\/\/santacasamuzambinho.org.br\/index.php\/wp-json\/wp\/v2\/tags?post=6821"}],"curies":[{"name":"wp","href":"https:\/\/api.w.org\/{rel}","templated":true}]}}