{"id":6865,"date":"2025-03-18T15:29:05","date_gmt":"2025-03-18T18:29:05","guid":{"rendered":"https:\/\/santacasamuzambinho.org.br\/?p=6865"},"modified":"2025-03-18T15:33:38","modified_gmt":"2025-03-18T18:33:38","slug":"santa-casa-de-muzambinho-recebe-recursos-federais-para-aquisicao-de-equipamentos-e-produtos-medicos","status":"publish","type":"post","link":"https:\/\/santacasamuzambinho.org.br\/index.php\/2025\/03\/18\/santa-casa-de-muzambinho-recebe-recursos-federais-para-aquisicao-de-equipamentos-e-produtos-medicos\/","title":{"rendered":"Santa Casa de Muzambinho recebe recursos federais para aquisi\u00e7\u00e3o de equipamentos e produtos m\u00e9dicos"},"content":{"rendered":"\n<p>A Irmandade da Santa Casa de Miseric\u00f3rdia de Muzambinho tem sido beneficiada com recursos federais por meio de emendas parlamentares destinadas \u00e0 aquisi\u00e7\u00e3o de equipamentos e materiais permanentes para unidades de sa\u00fade especializadas. Os dados, extra\u00eddos do sistema TransfereGov e compilados em uma planilha, mostram que a institui\u00e7\u00e3o recebeu recursos entre os anos de 2010 e 2024, com valores que variam de R15.000amaisdeR15.000<em>amai<\/em><em>s<\/em><em>d<\/em><em>e<\/em><em>R<\/em>\u00a01 milh\u00e3o por conv\u00eanio.<\/p>\n\n\n\n<p>De acordo com o Of\u00edcio Circular n\u00ba 1\/2025\/COACOM\/CGAC\/FNS\/SE\/MS, emitido pelo Fundo Nacional de Sa\u00fade (FNS), as organiza\u00e7\u00f5es n\u00e3o governamentais (ONGs) e entidades do terceiro setor que recebem recursos de emendas parlamentares devem seguir rigorosos procedimentos de transpar\u00eancia e rastreabilidade. A Santa Casa de Muzambinho, como executoras desses recursos, est\u00e1 sujeita a essas regras, que incluem a divulga\u00e7\u00e3o dos valores recebidos em seus sites institucionais.<\/p>\n\n\n\n<p>Veja o of\u00edcio na \u00edntegra abaixo:<\/p>\n\n\n\n<div data-wp-interactive=\"core\/file\" class=\"wp-block-file\"><object data-wp-bind--hidden=\"!state.hasPdfPreview\" hidden class=\"wp-block-file__embed\" data=\"https:\/\/santacasamuzambinho.org.br\/wp-content\/uploads\/2025\/03\/SEI_0046286972_Oficio_Circular_1.pdf\" type=\"application\/pdf\" style=\"width:100%;height:600px\" aria-label=\"Incorporado de SEI_0046286972_Oficio_Circular_1.\"><\/object><a id=\"wp-block-file--media-61bca51a-e70e-462e-8834-3cb331250801\" href=\"https:\/\/santacasamuzambinho.org.br\/wp-content\/uploads\/2025\/03\/SEI_0046286972_Oficio_Circular_1.pdf\">SEI_0046286972_Oficio_Circular_1<\/a><a href=\"https:\/\/santacasamuzambinho.org.br\/wp-content\/uploads\/2025\/03\/SEI_0046286972_Oficio_Circular_1.pdf\" class=\"wp-block-file__button wp-element-button\" download aria-describedby=\"wp-block-file--media-61bca51a-e70e-462e-8834-3cb331250801\">Baixar<\/a><\/div>\n\n\n\n<p><strong>Recursos e destina\u00e7\u00e3o<\/strong><\/p>\n\n\n\n<p>A planilha anexada ao of\u00edcio detalha os conv\u00eanios firmados entre a Santa Casa de Muzambinho e o Minist\u00e9rio da Sa\u00fade. Os recursos foram destinados principalmente para a aquisi\u00e7\u00e3o de equipamentos e materiais permanentes para unidades de aten\u00e7\u00e3o especializada em sa\u00fade. Entre os parlamentares que propuseram as emendas est\u00e3o nomes como A\u00e9cio Neves, Carlos Melles, Padre Jo\u00e3o, Lafayette de Andrada e Reginaldo Lopes.<\/p>\n\n\n\n<p>Um dos conv\u00eanios mais recentes, ainda em execu\u00e7\u00e3o, foi firmado em 2024 e tem previs\u00e3o de t\u00e9rmino em 2026. Esse conv\u00eanio, no valor total de R$ 1.086.938, foi destinado \u00e0 aquisi\u00e7\u00e3o de equipamentos e materiais permanentes, com emendas propostas por Lafayette de Andrada, Reginaldo Lopes e Z\u00e9 Silva.<\/p>\n\n\n\n<p>Veja a planilha completa com os recursos destinados a seguir:<\/p>\n\n\n\n<div data-wp-interactive=\"core\/file\" class=\"wp-block-file\"><object data-wp-bind--hidden=\"!state.hasPdfPreview\" hidden class=\"wp-block-file__embed\" data=\"https:\/\/santacasamuzambinho.org.br\/wp-content\/uploads\/2025\/03\/ADF-SANTA-CASA-MUZAMNBINHO-MG.xlsx-Sheet1.pdf\" type=\"application\/pdf\" style=\"width:100%;height:600px\" aria-label=\"Incorporado de ADF SANTA CASA MUZAMNBINHO-MG.xlsx - Sheet1.\"><\/object><a id=\"wp-block-file--media-615e64b5-390a-4641-a527-0cdab5c3087e\" href=\"https:\/\/santacasamuzambinho.org.br\/wp-content\/uploads\/2025\/03\/ADF-SANTA-CASA-MUZAMNBINHO-MG.xlsx-Sheet1.pdf\">ADF SANTA CASA MUZAMNBINHO-MG.xlsx &#8211; Sheet1<\/a><a href=\"https:\/\/santacasamuzambinho.org.br\/wp-content\/uploads\/2025\/03\/ADF-SANTA-CASA-MUZAMNBINHO-MG.xlsx-Sheet1.pdf\" class=\"wp-block-file__button wp-element-button\" download aria-describedby=\"wp-block-file--media-615e64b5-390a-4641-a527-0cdab5c3087e\">Baixar<\/a><\/div>\n\n\n\n<p><strong>Transpar\u00eancia e presta\u00e7\u00e3o de contas<\/strong><\/p>\n\n\n\n<p>O Of\u00edcio Circular destaca a import\u00e2ncia da transpar\u00eancia na execu\u00e7\u00e3o dos recursos p\u00fablicos. As entidades beneficiadas devem disponibilizar em seus sites as informa\u00e7\u00f5es sobre os valores recebidos e os instrumentos vinculados a esses recursos. A Santa Casa de Muzambinho, assim como outras entidades, deve seguir o passo a passo elaborado pela Diretoria de Transpar\u00eancias e Parcerias da Uni\u00e3o do Minist\u00e9rio da Gest\u00e3o e da Inova\u00e7\u00e3o em Servi\u00e7os P\u00fablicos (MGI) para garantir a publicidade dos dados.<\/p>\n\n\n\n<p>Ap\u00f3s a publica\u00e7\u00e3o das informa\u00e7\u00f5es no site, a entidade deve encaminhar o link para o Fundo Nacional de Sa\u00fade, por meio do e-mail&nbsp;<a href=\"https:\/\/mailto:coacom@saude.gov.br\/\" target=\"_blank\" rel=\"noreferrer noopener\">coacom@saude.gov.br<\/a>, para que seja verificado o cumprimento das determina\u00e7\u00f5es de transpar\u00eancia.<\/p>\n\n\n\n<p><strong>Impacto na sa\u00fade p\u00fablica<\/strong><\/p>\n\n\n\n<p>Os recursos recebidos pela Santa Casa de Muzambinho t\u00eam um impacto significativo na melhoria da infraestrutura e dos servi\u00e7os de sa\u00fade oferecidos \u00e0 popula\u00e7\u00e3o da regi\u00e3o. A aquisi\u00e7\u00e3o de equipamentos m\u00e9dicos e materiais permanentes contribui para o fortalecimento da rede de aten\u00e7\u00e3o especializada, garantindo um atendimento mais eficiente e de qualidade aos pacientes.<\/p>\n\n\n\n<p>A Santa Casa de Muzambinho, ao longo dos anos, tem demonstrado capacidade na gest\u00e3o desses recursos, com a maioria dos conv\u00eanios j\u00e1 conclu\u00eddos e com presta\u00e7\u00e3o de contas aprovada. A institui\u00e7\u00e3o segue como um exemplo de parceria entre o setor p\u00fablico e o terceiro setor na promo\u00e7\u00e3o da sa\u00fade e do bem-estar da comunidade.<\/p>\n\n\n\n<p>Para mais informa\u00e7\u00f5es sobre os conv\u00eanios e os recursos recebidos, a Santa Casa de Muzambinho disponibiliza os dados no portal TransfereGov, conforme exigido pelas normas de transpar\u00eancia estabelecidas pelo Minist\u00e9rio da Sa\u00fade.<\/p>\n","protected":false},"excerpt":{"rendered":"<p>Entidade mineira \u00e9 beneficiada por emendas parlamentares que totalizam milh\u00f5es de reais, com foco na melhoria da infraestrutura de sa\u00fade local<\/p>\n","protected":false},"author":1,"featured_media":6775,"comment_status":"open","ping_status":"open","sticky":false,"template":"","format":"standard","meta":{"footnotes":""},"categories":[3,37],"tags":[],"class_list":["post-6865","post","type-post","status-publish","format-standard","has-post-thumbnail","hentry","category-administracao","category-prestacao-de-contas","category-3","category-37","description-off"],"_links":{"self":[{"href":"https:\/\/santacasamuzambinho.org.br\/index.php\/wp-json\/wp\/v2\/posts\/6865","targetHints":{"allow":["GET"]}}],"collection":[{"href":"https:\/\/santacasamuzambinho.org.br\/index.php\/wp-json\/wp\/v2\/posts"}],"about":[{"href":"https:\/\/santacasamuzambinho.org.br\/index.php\/wp-json\/wp\/v2\/types\/post"}],"author":[{"embeddable":true,"href":"https:\/\/santacasamuzambinho.org.br\/index.php\/wp-json\/wp\/v2\/users\/1"}],"replies":[{"embeddable":true,"href":"https:\/\/santacasamuzambinho.org.br\/index.php\/wp-json\/wp\/v2\/comments?post=6865"}],"version-history":[{"count":3,"href":"https:\/\/santacasamuzambinho.org.br\/index.php\/wp-json\/wp\/v2\/posts\/6865\/revisions"}],"predecessor-version":[{"id":6870,"href":"https:\/\/santacasamuzambinho.org.br\/index.php\/wp-json\/wp\/v2\/posts\/6865\/revisions\/6870"}],"wp:featuredmedia":[{"embeddable":true,"href":"https:\/\/santacasamuzambinho.org.br\/index.php\/wp-json\/wp\/v2\/media\/6775"}],"wp:attachment":[{"href":"https:\/\/santacasamuzambinho.org.br\/index.php\/wp-json\/wp\/v2\/media?parent=6865"}],"wp:term":[{"taxonomy":"category","embeddable":true,"href":"https:\/\/santacasamuzambinho.org.br\/index.php\/wp-json\/wp\/v2\/categories?post=6865"},{"taxonomy":"post_tag","embeddable":true,"href":"https:\/\/santacasamuzambinho.org.br\/index.php\/wp-json\/wp\/v2\/tags?post=6865"}],"curies":[{"name":"wp","href":"https:\/\/api.w.org\/{rel}","templated":true}]}}