{"id":6895,"date":"2025-10-07T09:22:06","date_gmt":"2025-10-07T12:22:06","guid":{"rendered":"https:\/\/santacasamuzambinho.org.br\/?p=6895"},"modified":"2025-10-07T09:22:06","modified_gmt":"2025-10-07T12:22:06","slug":"santa-casa-de-muzambinho-registrou-2-912-atendimentos-no-pronto-socorro-em-setembro","status":"publish","type":"post","link":"https:\/\/santacasamuzambinho.org.br\/index.php\/2025\/10\/07\/santa-casa-de-muzambinho-registrou-2-912-atendimentos-no-pronto-socorro-em-setembro\/","title":{"rendered":"Santa Casa de Muzambinho registrou 2.912 atendimentos no Pronto-Socorro em setembro"},"content":{"rendered":"<p data-start=\"398\" data-end=\"621\">A Irmandade da Santa Casa de Miseric\u00f3rdia de Muzambinho divulgou os n\u00fameros de atendimentos realizados no pronto-socorro durante o m\u00eas de setembro de 2025. Ao todo, foram <strong data-start=\"569\" data-end=\"598\">2.912 pacientes atendidos<\/strong> ao longo do per\u00edodo.<\/p>\n<p data-start=\"623\" data-end=\"999\">De acordo com os dados, a maior parte dos atendimentos ocorreu por meio do <strong data-start=\"698\" data-end=\"730\">Sistema \u00danico de Sa\u00fade (SUS)<\/strong>, que respondeu por <strong data-start=\"750\" data-end=\"769\">2.522 registros<\/strong>, ou seja, <strong data-start=\"780\" data-end=\"798\">86,6% do total<\/strong>. Al\u00e9m disso, foram realizados <strong data-start=\"829\" data-end=\"859\">205 atendimentos gratuitos<\/strong>, <strong data-start=\"861\" data-end=\"881\">131 particulares<\/strong>, al\u00e9m de atendimentos vinculados a conv\u00eanios como Unimed Interc\u00e2mbio (35), Unimed local (17) e Pol\u00edcia Militar (2).<\/p>\n<h3 data-start=\"1001\" data-end=\"1025\">Perfil dos pacientes<\/h3>\n<p data-start=\"1026\" data-end=\"1187\">As <strong data-start=\"1029\" data-end=\"1055\">mulheres foram maioria<\/strong> entre os pacientes atendidos, somando <strong data-start=\"1094\" data-end=\"1121\">1.570 registros (53,9%)<\/strong>, enquanto os homens representaram <strong data-start=\"1156\" data-end=\"1184\">1.342 atendimentos (46%)<\/strong>.<\/p>\n<p data-start=\"1189\" data-end=\"1600\">Na divis\u00e3o por faixa et\u00e1ria, o maior volume foi de pessoas <strong data-start=\"1248\" data-end=\"1269\">acima dos 60 anos<\/strong>, com <strong data-start=\"1275\" data-end=\"1303\">626 atendimentos (21,5%)<\/strong>. Em seguida, aparecem as idades de <strong data-start=\"1339\" data-end=\"1374\">41 a 50 anos (367 atendimentos)<\/strong>, <strong data-start=\"1376\" data-end=\"1411\">51 a 60 anos (353 atendimentos)<\/strong> e <strong data-start=\"1414\" data-end=\"1449\">26 a 30 anos (380 atendimentos)<\/strong>. Crian\u00e7as e adolescentes tamb\u00e9m representaram uma fatia significativa, com destaque para a faixa de <strong data-start=\"1550\" data-end=\"1565\">0 a 12 anos<\/strong>, que somou <strong data-start=\"1577\" data-end=\"1597\">254 atendimentos<\/strong>.<\/p>\n<h3 data-start=\"1602\" data-end=\"1640\">Dias e hor\u00e1rios de maior movimento<\/h3>\n<p data-start=\"1641\" data-end=\"1890\">A an\u00e1lise semanal mostra que a <strong data-start=\"1672\" data-end=\"1716\">segunda-feira foi o dia mais movimentado<\/strong>, com <strong data-start=\"1722\" data-end=\"1750\">560 atendimentos (19,2%)<\/strong>, seguida por ter\u00e7a-feira (<strong data-start=\"1777\" data-end=\"1797\">505 atendimentos<\/strong>) e quarta-feira (<strong data-start=\"1815\" data-end=\"1822\">395<\/strong>). J\u00e1 o domingo foi o dia de menor procura, com <strong data-start=\"1870\" data-end=\"1887\">349 registros<\/strong>.<\/p>\n<p data-start=\"1892\" data-end=\"2136\">Em rela\u00e7\u00e3o aos hor\u00e1rios, o maior fluxo foi registrado entre <strong data-start=\"1952\" data-end=\"1967\">18h e 18h59<\/strong>, com <strong data-start=\"1973\" data-end=\"1993\">232 atendimentos<\/strong>. Outros per\u00edodos de destaque foram <strong data-start=\"2029\" data-end=\"2055\">20h (203 atendimentos)<\/strong> e <strong data-start=\"2058\" data-end=\"2071\">21h (203)<\/strong>, revelando uma tend\u00eancia de maior procura no per\u00edodo da noite.<\/p>\n<h3 data-start=\"2138\" data-end=\"2169\">Import\u00e2ncia do levantamento<\/h3>\n<p data-start=\"2170\" data-end=\"2381\">A Santa Casa de Muzambinho refor\u00e7a que a divulga\u00e7\u00e3o mensal dos dados busca dar <strong data-start=\"2249\" data-end=\"2298\">transpar\u00eancia ao servi\u00e7o prestado \u00e0 popula\u00e7\u00e3o<\/strong> e possibilita um acompanhamento mais detalhado da demanda de sa\u00fade no munic\u00edpio.<\/p>\n<p data-start=\"2170\" data-end=\"2381\"><img fetchpriority=\"high\" decoding=\"async\" class=\"alignnone wp-image-6896 size-full\" src=\"https:\/\/santacasamuzambinho.org.br\/wp-content\/uploads\/2025\/10\/Set25Sexo.png\" alt=\"\" width=\"943\" height=\"484\" srcset=\"https:\/\/santacasamuzambinho.org.br\/wp-content\/uploads\/2025\/10\/Set25Sexo.png 943w, https:\/\/santacasamuzambinho.org.br\/wp-content\/uploads\/2025\/10\/Set25Sexo-300x154.png 300w, https:\/\/santacasamuzambinho.org.br\/wp-content\/uploads\/2025\/10\/Set25Sexo-768x394.png 768w\" sizes=\"(max-width: 943px) 100vw, 943px\" \/><\/p>\n<p data-start=\"2170\" data-end=\"2381\"><img decoding=\"async\" class=\"alignnone wp-image-6897 size-full\" src=\"https:\/\/santacasamuzambinho.org.br\/wp-content\/uploads\/2025\/10\/Set25Conv.png\" alt=\"\" width=\"938\" height=\"480\" srcset=\"https:\/\/santacasamuzambinho.org.br\/wp-content\/uploads\/2025\/10\/Set25Conv.png 938w, https:\/\/santacasamuzambinho.org.br\/wp-content\/uploads\/2025\/10\/Set25Conv-300x154.png 300w, https:\/\/santacasamuzambinho.org.br\/wp-content\/uploads\/2025\/10\/Set25Conv-768x393.png 768w\" sizes=\"(max-width: 938px) 100vw, 938px\" \/><\/p>\n<p data-start=\"2170\" data-end=\"2381\"><img decoding=\"async\" class=\"alignnone wp-image-6898 size-full\" src=\"https:\/\/santacasamuzambinho.org.br\/wp-content\/uploads\/2025\/10\/Set25DiaSem.png\" alt=\"\" width=\"944\" height=\"478\" srcset=\"https:\/\/santacasamuzambinho.org.br\/wp-content\/uploads\/2025\/10\/Set25DiaSem.png 944w, https:\/\/santacasamuzambinho.org.br\/wp-content\/uploads\/2025\/10\/Set25DiaSem-300x152.png 300w, https:\/\/santacasamuzambinho.org.br\/wp-content\/uploads\/2025\/10\/Set25DiaSem-768x389.png 768w\" sizes=\"(max-width: 944px) 100vw, 944px\" \/><\/p>\n<p data-start=\"2170\" data-end=\"2381\"><img loading=\"lazy\" decoding=\"async\" class=\"alignnone wp-image-6899 size-full\" src=\"https:\/\/santacasamuzambinho.org.br\/wp-content\/uploads\/2025\/10\/Set25Horas.png\" alt=\"\" width=\"941\" height=\"484\" srcset=\"https:\/\/santacasamuzambinho.org.br\/wp-content\/uploads\/2025\/10\/Set25Horas.png 941w, https:\/\/santacasamuzambinho.org.br\/wp-content\/uploads\/2025\/10\/Set25Horas-300x154.png 300w, https:\/\/santacasamuzambinho.org.br\/wp-content\/uploads\/2025\/10\/Set25Horas-768x395.png 768w\" sizes=\"(max-width: 941px) 100vw, 941px\" \/><\/p>\n<p data-start=\"2170\" data-end=\"2381\"><img loading=\"lazy\" decoding=\"async\" class=\"alignnone wp-image-6900 size-full\" src=\"https:\/\/santacasamuzambinho.org.br\/wp-content\/uploads\/2025\/10\/Set25Idade.png\" alt=\"\" width=\"939\" height=\"480\" srcset=\"https:\/\/santacasamuzambinho.org.br\/wp-content\/uploads\/2025\/10\/Set25Idade.png 939w, https:\/\/santacasamuzambinho.org.br\/wp-content\/uploads\/2025\/10\/Set25Idade-300x153.png 300w, https:\/\/santacasamuzambinho.org.br\/wp-content\/uploads\/2025\/10\/Set25Idade-768x393.png 768w\" sizes=\"(max-width: 939px) 100vw, 939px\" \/><\/p>\n","protected":false},"excerpt":{"rendered":"<p>SUS respondeu por 86% da demanda; mulheres foram maioria entre os pacientes<\/p>\n","protected":false},"author":1,"featured_media":6776,"comment_status":"open","ping_status":"open","sticky":false,"template":"","format":"standard","meta":{"footnotes":""},"categories":[37],"tags":[44,46,49],"class_list":["post-6895","post","type-post","status-publish","format-standard","has-post-thumbnail","hentry","category-prestacao-de-contas","tag-hospital","tag-pronto-socorro","tag-santa-casa","category-37","description-off"],"_links":{"self":[{"href":"https:\/\/santacasamuzambinho.org.br\/index.php\/wp-json\/wp\/v2\/posts\/6895","targetHints":{"allow":["GET"]}}],"collection":[{"href":"https:\/\/santacasamuzambinho.org.br\/index.php\/wp-json\/wp\/v2\/posts"}],"about":[{"href":"https:\/\/santacasamuzambinho.org.br\/index.php\/wp-json\/wp\/v2\/types\/post"}],"author":[{"embeddable":true,"href":"https:\/\/santacasamuzambinho.org.br\/index.php\/wp-json\/wp\/v2\/users\/1"}],"replies":[{"embeddable":true,"href":"https:\/\/santacasamuzambinho.org.br\/index.php\/wp-json\/wp\/v2\/comments?post=6895"}],"version-history":[{"count":1,"href":"https:\/\/santacasamuzambinho.org.br\/index.php\/wp-json\/wp\/v2\/posts\/6895\/revisions"}],"predecessor-version":[{"id":6901,"href":"https:\/\/santacasamuzambinho.org.br\/index.php\/wp-json\/wp\/v2\/posts\/6895\/revisions\/6901"}],"wp:featuredmedia":[{"embeddable":true,"href":"https:\/\/santacasamuzambinho.org.br\/index.php\/wp-json\/wp\/v2\/media\/6776"}],"wp:attachment":[{"href":"https:\/\/santacasamuzambinho.org.br\/index.php\/wp-json\/wp\/v2\/media?parent=6895"}],"wp:term":[{"taxonomy":"category","embeddable":true,"href":"https:\/\/santacasamuzambinho.org.br\/index.php\/wp-json\/wp\/v2\/categories?post=6895"},{"taxonomy":"post_tag","embeddable":true,"href":"https:\/\/santacasamuzambinho.org.br\/index.php\/wp-json\/wp\/v2\/tags?post=6895"}],"curies":[{"name":"wp","href":"https:\/\/api.w.org\/{rel}","templated":true}]}}